{"id":10781,"date":"2024-08-26T12:32:02","date_gmt":"2024-08-26T09:32:02","guid":{"rendered":"https:\/\/anfra.fi\/?p=10781"},"modified":"2025-02-18T15:18:29","modified_gmt":"2025-02-18T13:18:29","slug":"anfran-kasvu-jatkuu-vahvana-kevaalla-2024-tehdyt-kaupat-kuvaavat-anfran-monipuolisuutta","status":"publish","type":"post","link":"https:\/\/anfra.fi\/fi\/anfran-kasvu-jatkuu-vahvana-kevaalla-2024-tehdyt-kaupat-kuvaavat-anfran-monipuolisuutta\/","title":{"rendered":"Anfran kasvu jatkuu vahvana &#8211; Vuoden 2024 aikana tehdyt kaupat kuvaavat Anfran monipuolisuutta"},"content":{"rendered":"\t\t<div data-elementor-type=\"wp-post\" data-elementor-id=\"10781\" class=\"elementor elementor-10781\" data-elementor-post-type=\"post\">\n\t\t\t\t<div class=\"elementor-element elementor-element-bbf3008 e-con-full e-flex jltma-glass-effect-no e-con e-parent\" data-id=\"bbf3008\" data-element_type=\"container\" data-e-type=\"container\">\n\t\t\t\t<div class=\"elementor-element elementor-element-403c4a5 jltma-glass-effect-no elementor-widget elementor-widget-text-editor\" data-id=\"403c4a5\" data-element_type=\"widget\" data-e-type=\"widget\" data-widget_type=\"text-editor.default\">\n\t\t\t\t<div class=\"elementor-widget-container\">\n\t\t\t\t\t\t\t\t\t<p><em>On aika tehd\u00e4 hieman yhteenvetoa monista uusista <\/em><em>mielenkiintoisista hankkeista, joista ty\u00f6nt\u00e4yteisen kev\u00e4\u00e4n ja kes\u00e4n aikana emme ole ehtineet <\/em><em>tiedottaa. Kasvumme on jatkunut vahvana ja olemme sopineet uusista hankkeista eritt\u00e4in laajalla rintamalla; esimerkiksi siltarakentamisesta teollisuus- ja energiarakentamiseen sek\u00e4 Vihre\u00e4 siirtym\u00e4 -hankkeesta aina maauimalan allasalueen uusimiseen.<\/em><\/p>\t\t\t\t\t\t\t\t<\/div>\n\t\t\t\t<\/div>\n\t\t\t\t<div class=\"elementor-element elementor-element-0dca6f6 jltma-glass-effect-no elementor-widget elementor-widget-heading\" data-id=\"0dca6f6\" data-element_type=\"widget\" data-e-type=\"widget\" data-widget_type=\"heading.default\">\n\t\t\t\t<div class=\"elementor-widget-container\">\n\t\t\t\t\t<h2 class=\"elementor-heading-title elementor-size-default\">Anfra toteuttaa Hepovirran sillan uusimisen Mikkeliss\u00e4<\/h2>\t\t\t\t<\/div>\n\t\t\t\t<\/div>\n\t\t\t\t<div class=\"elementor-element elementor-element-15f6473 jltma-glass-effect-no elementor-widget elementor-widget-image\" data-id=\"15f6473\" data-element_type=\"widget\" data-e-type=\"widget\" data-widget_type=\"image.default\">\n\t\t\t\t<div class=\"elementor-widget-container\">\n\t\t\t\t\t\t\t\t\t\t\t\t\t\t\t<img fetchpriority=\"high\" decoding=\"async\" width=\"800\" height=\"473\" src=\"https:\/\/anfra.fi\/wp-content\/uploads\/2024\/08\/veneilysaimaa-silta-1024x606.webp\" class=\"attachment-large size-large wp-image-10911\" alt=\"\" srcset=\"https:\/\/anfra.fi\/wp-content\/uploads\/2024\/08\/veneilysaimaa-silta-1024x606.webp 1024w, https:\/\/anfra.fi\/wp-content\/uploads\/2024\/08\/veneilysaimaa-silta-500x296.webp 500w, https:\/\/anfra.fi\/wp-content\/uploads\/2024\/08\/veneilysaimaa-silta-768x454.webp 768w, https:\/\/anfra.fi\/wp-content\/uploads\/2024\/08\/veneilysaimaa-silta-18x12.webp 18w, https:\/\/anfra.fi\/wp-content\/uploads\/2024\/08\/veneilysaimaa-silta.webp 1327w\" sizes=\"(max-width: 800px) 100vw, 800px\" \/>\t\t\t\t\t\t\t\t\t\t\t\t\t\t\t<\/div>\n\t\t\t\t<\/div>\n\t\t\t\t<div class=\"elementor-element elementor-element-f16c5c1 jltma-glass-effect-no elementor-widget elementor-widget-text-editor\" data-id=\"f16c5c1\" data-element_type=\"widget\" data-e-type=\"widget\" data-widget_type=\"text-editor.default\">\n\t\t\t\t<div class=\"elementor-widget-container\">\n\t\t\t\t\t\t\t\t\t<p><em>Kuva: Veneilysaimaa.com<\/em><\/p>\t\t\t\t\t\t\t\t<\/div>\n\t\t\t\t<\/div>\n\t\t\t\t<div class=\"elementor-element elementor-element-1b17266 jltma-glass-effect-no elementor-widget elementor-widget-text-editor\" data-id=\"1b17266\" data-element_type=\"widget\" data-e-type=\"widget\" data-widget_type=\"text-editor.default\">\n\t\t\t\t<div class=\"elementor-widget-container\">\n\t\t\t\t\t\t\t\t\t<p>Luonnonkauniilla Saimaalla, Mikkeliss\u00e4 sijaitsevan Hepovirran sillan uusiminen tukee Anfran strategian mukaista kasvua silta- ja taitorakentamisen toimialalla. Anfra toimii hankkeen p\u00e4\u00e4urakoitsijana. Toteutus k\u00e4ynnistyi elokuussa 2024.<\/p>\t\t\t\t\t\t\t\t<\/div>\n\t\t\t\t<\/div>\n\t\t\t\t<div class=\"elementor-element elementor-element-a0ed430 jltma-glass-effect-no elementor-widget elementor-widget-text-editor\" data-id=\"a0ed430\" data-element_type=\"widget\" data-e-type=\"widget\" data-widget_type=\"text-editor.default\">\n\t\t\t\t<div class=\"elementor-widget-container\">\n\t\t\t\t\t\t\t\t\t<ul><li>Puramme vanhan sillan rakenteet, teemme kaikki tarvittavat maarakennusty\u00f6t<br \/>mukaan lukien tiepenkereen rakentamisen sillan molempiin p\u00e4ihin sek\u00e4 toteutamme uuden sillan betonirakenteet, kuten uudet valetut maatuet. Silta itsess\u00e4\u00e4n on vanhan sillan tapaan puusilta, jonka toimittaa asennettuna Versowood. T\u00e4m\u00e4n j\u00e4lkeen meid\u00e4n vastuullamme on viel\u00e4 kaikki viimeistelyty\u00f6t ennen sillan k\u00e4ytt\u00f6\u00f6nottoa, kertoo hankkeen projektimyyj\u00e4 <strong>Sarita Karjalainen<\/strong> Anfralta.<\/li><\/ul>\t\t\t\t\t\t\t\t<\/div>\n\t\t\t\t<\/div>\n\t\t\t\t<div class=\"elementor-element elementor-element-83ea7a8 jltma-glass-effect-no elementor-widget elementor-widget-heading\" data-id=\"83ea7a8\" data-element_type=\"widget\" data-e-type=\"widget\" data-widget_type=\"heading.default\">\n\t\t\t\t<div class=\"elementor-widget-container\">\n\t\t\t\t\t<h2 class=\"elementor-heading-title elementor-size-default\">Anfra toteuttaa Sibanye-Stillwaterin Keliber-litiumhankkeen\nbetonirakennusurakan Kokkolassa<\/h2>\t\t\t\t<\/div>\n\t\t\t\t<\/div>\n\t\t\t\t<div class=\"elementor-element elementor-element-965a41b jltma-glass-effect-no elementor-widget elementor-widget-image\" data-id=\"965a41b\" data-element_type=\"widget\" data-e-type=\"widget\" data-widget_type=\"image.default\">\n\t\t\t\t<div class=\"elementor-widget-container\">\n\t\t\t\t\t\t\t\t\t\t\t\t\t\t\t<img decoding=\"async\" width=\"800\" height=\"449\" src=\"https:\/\/anfra.fi\/wp-content\/uploads\/2024\/08\/Keliber-Tehdas-10.08.2024-1024x575.webp\" class=\"attachment-large size-large wp-image-10912\" alt=\"\" srcset=\"https:\/\/anfra.fi\/wp-content\/uploads\/2024\/08\/Keliber-Tehdas-10.08.2024-1024x575.webp 1024w, https:\/\/anfra.fi\/wp-content\/uploads\/2024\/08\/Keliber-Tehdas-10.08.2024-500x281.webp 500w, https:\/\/anfra.fi\/wp-content\/uploads\/2024\/08\/Keliber-Tehdas-10.08.2024-768x431.webp 768w, https:\/\/anfra.fi\/wp-content\/uploads\/2024\/08\/Keliber-Tehdas-10.08.2024-18x10.webp 18w, https:\/\/anfra.fi\/wp-content\/uploads\/2024\/08\/Keliber-Tehdas-10.08.2024.webp 1246w\" sizes=\"(max-width: 800px) 100vw, 800px\" \/>\t\t\t\t\t\t\t\t\t\t\t\t\t\t\t<\/div>\n\t\t\t\t<\/div>\n\t\t\t\t<div class=\"elementor-element elementor-element-6f28ea3 jltma-glass-effect-no elementor-widget elementor-widget-text-editor\" data-id=\"6f28ea3\" data-element_type=\"widget\" data-e-type=\"widget\" data-widget_type=\"text-editor.default\">\n\t\t\t\t<div class=\"elementor-widget-container\">\n\t\t\t\t\t\t\t\t\t<p>Anfra Oy on sopinut Sibanye-Stillwaterin Keliber -litiumhankkeen betonirakennust\u00f6ist\u00e4 heid\u00e4n Kokkolassa sijaitsevalle Keliber- litiumjalostamolle. Urakka sis\u00e4lt\u00e4\u00e4 hulevesialtaan betonirakennusty\u00f6t, putkisiltojen rakennust\u00f6it\u00e4, vedenpuhdistamon betonilattioiden tekemisen sek\u00e4 lis\u00e4ksi my\u00f6s alihankintana KJM:lle pakkaamo- ja l\u00e4hett\u00e4m\u00f6rakennuksen betonirakennusty\u00f6t. Ty\u00f6t ovat k\u00e4ynnistyneet jo alkuvuodesta 2024 ja ne valmistuvat lokakuussa 2024.<\/p>\t\t\t\t\t\t\t\t<\/div>\n\t\t\t\t<\/div>\n\t\t\t\t<div class=\"elementor-element elementor-element-66fcea8 jltma-glass-effect-no elementor-widget elementor-widget-text-editor\" data-id=\"66fcea8\" data-element_type=\"widget\" data-e-type=\"widget\" data-widget_type=\"text-editor.default\">\n\t\t\t\t<div class=\"elementor-widget-container\">\n\t\t\t\t\t\t\t\t\t<ul><li>T\u00e4m\u00e4 Anfran saama betonirakennusurakka on osa laajamittaista teollisuushanketta. Urakkamme kattaa laajan rakennusalueen ja sis\u00e4lt\u00e4\u00e4 monia erilaisia betonirakenteita, joissa tarvitaan Anfran asiantuntijoiden laaja-alaista osaamista. Hanke vahvistaa asemaamme teollisuusrakentamisen sektorilla ja tarjoaa meille tilaisuuden osoittaa korkeatasoista osaamistamme sek\u00e4 sitoutumistamme laatuun. My\u00f6s ty\u00f6llist\u00e4v\u00e4 vaikutus on merkitt\u00e4v\u00e4 (noin 30 henkil\u00f6\u00e4) sek\u00e4 Anfralle ett\u00e4 aliurakoitsijoillemme, kertoo hankkeen projektimyyj\u00e4, myyntip\u00e4\u00e4llikk\u00f6 <strong>Niko Saarnio<\/strong> Anfralta.<\/li><\/ul>\t\t\t\t\t\t\t\t<\/div>\n\t\t\t\t<\/div>\n\t\t\t\t<div class=\"elementor-element elementor-element-8f4db02 jltma-glass-effect-no elementor-widget elementor-widget-text-editor\" data-id=\"8f4db02\" data-element_type=\"widget\" data-e-type=\"widget\" data-widget_type=\"text-editor.default\">\n\t\t\t\t<div class=\"elementor-widget-container\">\n\t\t\t\t\t\t\t\t\t<p>Lis\u00e4tietoja Sibanye-Stillwaterin Keliber-litiumhankkeesta voit lukea:<br \/><a href=\"https:\/\/www.sibanyestillwater.com\/fi\/liiketoiminta\/eurooppa\/keliber\/\">https:\/\/www.sibanyestillwater.com<\/a><\/p>\t\t\t\t\t\t\t\t<\/div>\n\t\t\t\t<\/div>\n\t\t\t\t<div class=\"elementor-element elementor-element-2b65f75 jltma-glass-effect-no elementor-widget elementor-widget-heading\" data-id=\"2b65f75\" data-element_type=\"widget\" data-e-type=\"widget\" data-widget_type=\"heading.default\">\n\t\t\t\t<div class=\"elementor-widget-container\">\n\t\t\t\t\t<h2 class=\"elementor-heading-title elementor-size-default\">Anfra toteuttaa Oulun Seudun S\u00e4hk\u00f6n Vihre\u00e4 siirtym\u00e4 -\nhankkeen perustus- ja maarakennusty\u00f6t<\/h2>\t\t\t\t<\/div>\n\t\t\t\t<\/div>\n\t\t\t\t<div class=\"elementor-element elementor-element-ae739f5 jltma-glass-effect-no elementor-widget elementor-widget-text-editor\" data-id=\"ae739f5\" data-element_type=\"widget\" data-e-type=\"widget\" data-widget_type=\"text-editor.default\">\n\t\t\t\t<div class=\"elementor-widget-container\">\n\t\t\t\t\t\t\t\t\t<p>Oulun Seudun S\u00e4hk\u00f6 (OSS) investoi polttamattomaan l\u00e4mm\u00f6ntuotantoon, vihre\u00e4\u00e4n energiaan Limingan, Lumijoen ja Ankkurilahden kaukol\u00e4mp\u00f6verkostoissa. Jokaiseen verkostoon rakennetaan samankaltainen ratkaisu kaukol\u00e4mm\u00f6n p\u00e4\u00e4st\u00f6tt\u00f6m\u00e4\u00e4n tuotantoon. Anfra urakoi t\u00e4m\u00e4n Vihre\u00e4 siirtym\u00e4 -nimisen hankkeen maarakennus- ja perustusty\u00f6t kokonaisuudessaan KVR-urakkana.<\/p>\t\t\t\t\t\t\t\t<\/div>\n\t\t\t\t<\/div>\n\t\t\t\t<div class=\"elementor-element elementor-element-04d2d9b jltma-glass-effect-no elementor-widget elementor-widget-text-editor\" data-id=\"04d2d9b\" data-element_type=\"widget\" data-e-type=\"widget\" data-widget_type=\"text-editor.default\">\n\t\t\t\t<div class=\"elementor-widget-container\">\n\t\t\t\t\t\t\t\t\t<ul><li>T\u00e4m\u00e4 hanke sopii t\u00e4ydellisesti Anfran \u201dYmp\u00e4rist\u00f6mme arvoinen betonirakentaja\u201d<br \/>-strategiaan. Olemme olleet todella innoissamme t\u00e4st\u00e4 jo neuvotteluiden alkumetreilt\u00e4 saakka ja on hienoa, ett\u00e4 meid\u00e4t valittiin n\u00e4in mielenkiintoisen hankkeen toteuttajaksi. Hanke on k\u00e4ynnistynyt kes\u00e4kuun alussa ja arvioitu valmistuminen k\u00e4ytt\u00f6\u00f6notolle kaikissa kohteissa on viikolla 44\/2024. Uskomme t\u00e4llaisten hankkeiden lis\u00e4\u00e4ntyv\u00e4n l\u00e4hitulevaisuudessa ja t\u00e4m\u00e4 tulee olemaan meille siksi my\u00f6s hieno referenssi, iloitsee hankkeen projektimyyj\u00e4 <strong>Riku Pitk\u00e4l\u00e4<\/strong> Anfralta.<\/li><\/ul>\t\t\t\t\t\t\t\t<\/div>\n\t\t\t\t<\/div>\n\t\t\t\t<div class=\"elementor-element elementor-element-e7bc7bb jltma-glass-effect-no elementor-widget elementor-widget-heading\" data-id=\"e7bc7bb\" data-element_type=\"widget\" data-e-type=\"widget\" data-widget_type=\"heading.default\">\n\t\t\t\t<div class=\"elementor-widget-container\">\n\t\t\t\t\t<h2 class=\"elementor-heading-title elementor-size-default\">Anfra Nordic Ab my\u00f6s vahvassa my\u00f6t\u00e4tuulessa Ruotsin\nmarkkinoilla<\/h2>\t\t\t\t<\/div>\n\t\t\t\t<\/div>\n\t\t\t\t<div class=\"elementor-element elementor-element-6aeeb89 jltma-glass-effect-no elementor-widget elementor-widget-text-editor\" data-id=\"6aeeb89\" data-element_type=\"widget\" data-e-type=\"widget\" data-widget_type=\"text-editor.default\">\n\t\t\t\t<div class=\"elementor-widget-container\">\n\t\t\t\t\t\t\t\t\t<p>Anfran Ruotsissa toimivan tyt\u00e4ryhti\u00f6n, Anfra Nordic Ab:n, liiketoiminta on l\u00e4htenyt vahvaan kasvuun kuluvan vuoden aikana.<\/p>\t\t\t\t\t\t\t\t<\/div>\n\t\t\t\t<\/div>\n\t\t\t\t<div class=\"elementor-element elementor-element-b2b7bf5 jltma-glass-effect-no elementor-widget elementor-widget-text-editor\" data-id=\"b2b7bf5\" data-element_type=\"widget\" data-e-type=\"widget\" data-widget_type=\"text-editor.default\">\n\t\t\t\t<div class=\"elementor-widget-container\">\n\t\t\t\t\t\t\t\t\t<ul><li>Hankkeita on jo toteutettu, niit\u00e4 on parhaillaan k\u00e4ynniss\u00e4 ja my\u00f6s uusista, varsin suuristakin hankkeista on neuvotteluita hyv\u00e4ss\u00e4 vaiheessa. Olemme saavuttaneet hyvin lyhyess\u00e4 ajassa mukavan jalansijan t\u00e4ll\u00e4 uudella markkina-alueellamme, iloitsee Anfran Ruotsin liiketoimintap\u00e4\u00e4llikk\u00f6 <strong>Kai Kaarlej\u00e4rvi<\/strong>.<\/li><\/ul>\t\t\t\t\t\t\t\t<\/div>\n\t\t\t\t<\/div>\n\t\t\t\t<div class=\"elementor-element elementor-element-a114ffb jltma-glass-effect-no elementor-widget elementor-widget-text-editor\" data-id=\"a114ffb\" data-element_type=\"widget\" data-e-type=\"widget\" data-widget_type=\"text-editor.default\">\n\t\t\t\t<div class=\"elementor-widget-container\">\n\t\t\t\t\t\t\t\t\t<p>Lue t\u00e4st\u00e4 <a href=\"https:\/\/www.rakennuslehti.fi\/2024\/08\/oli-positiivinen-yllatys-etta-suomessa-hankkimamme-referenssit-olivat-todella-arvostettuja-anfra-loysi-vuodessa-jalansijan-ruotsissa\/\" target=\"_blank\" rel=\"noopener\">Rakennuslehden artikkeli<\/a> Anfran Ruotsin hommista.\u00a0<\/p>\t\t\t\t\t\t\t\t<\/div>\n\t\t\t\t<\/div>\n\t\t\t\t<div class=\"elementor-element elementor-element-05f41b4 jltma-glass-effect-no elementor-widget elementor-widget-heading\" data-id=\"05f41b4\" data-element_type=\"widget\" data-e-type=\"widget\" data-widget_type=\"heading.default\">\n\t\t\t\t<div class=\"elementor-widget-container\">\n\t\t\t\t\t<h2 class=\"elementor-heading-title elementor-size-default\">Anfra mukana s\u00e4hk\u00f6aseman rakennusurakassa Bodenissa<\/h2>\t\t\t\t<\/div>\n\t\t\t\t<\/div>\n\t\t\t\t<div class=\"elementor-element elementor-element-4eb6826 jltma-glass-effect-no elementor-widget elementor-widget-text-editor\" data-id=\"4eb6826\" data-element_type=\"widget\" data-e-type=\"widget\" data-widget_type=\"text-editor.default\">\n\t\t\t\t<div class=\"elementor-widget-container\">\n\t\t\t\t\t\t\t\t\t<p>Anfra tiedotti jo aiemmin maaliskuussa 2024 tehneens\u00e4 sopimuksen Linjemontage i Gr\u00e4rstorp AB:n kanssa aliurakoinnista s\u00e4hk\u00f6aseman rakennusurakassa Bodenissa.<br \/>Linjemontage on p\u00e4\u00e4urakoitsijana Vattenfall Eldistribution AB:lle toteutettavassa hankkeessa.<\/p>\t\t\t\t\t\t\t\t<\/div>\n\t\t\t\t<\/div>\n\t\t\t\t<div class=\"elementor-element elementor-element-9cb3c00 jltma-glass-effect-no elementor-widget elementor-widget-text-editor\" data-id=\"9cb3c00\" data-element_type=\"widget\" data-e-type=\"widget\" data-widget_type=\"text-editor.default\">\n\t\t\t\t<div class=\"elementor-widget-container\">\n\t\t\t\t\t\t\t\t\t<ul><li>Anfra vastaa aliurakoitsijana kohteen betonirakenteiden ja paalutuksen rakennesuunnittelusta (rajattu sis\u00e4lt\u00f6), paalutuksesta, maarakennuksesta maisemointeineen, paikallavalu- ja betonielementtirakenteiden toteutuksesta sek\u00e4 alueen ter\u00e4saitauksesta. Paikallavaletut betonirakenteet toteutetaan<br \/>ymp\u00e4rist\u00f6betonilla kohteen ymp\u00e4rist\u00f6vaikutusten minimoimiseksi, Kai Kaarlej\u00e4rvi kertoo.<\/li><\/ul>\t\t\t\t\t\t\t\t<\/div>\n\t\t\t\t<\/div>\n\t\t\t\t<div class=\"elementor-element elementor-element-41b4f00 jltma-glass-effect-no elementor-widget elementor-widget-heading\" data-id=\"41b4f00\" data-element_type=\"widget\" data-e-type=\"widget\" data-widget_type=\"heading.default\">\n\t\t\t\t<div class=\"elementor-widget-container\">\n\t\t\t\t\t<h2 class=\"elementor-heading-title elementor-size-default\">Anfra toteuttaa \u00d6vertorne\u00e5n maauimalan allasalueen uusimisen\nkokonaisurakkana<\/h2>\t\t\t\t<\/div>\n\t\t\t\t<\/div>\n\t\t\t\t<div class=\"elementor-element elementor-element-76b1914 jltma-glass-effect-no elementor-widget elementor-widget-image\" data-id=\"76b1914\" data-element_type=\"widget\" data-e-type=\"widget\" data-widget_type=\"image.default\">\n\t\t\t\t<div class=\"elementor-widget-container\">\n\t\t\t\t\t\t\t\t\t\t\t\t\t\t\t<img decoding=\"async\" width=\"1343\" height=\"873\" src=\"https:\/\/anfra.fi\/wp-content\/uploads\/2024\/06\/overtornea-maauimala-e1719308045436.webp\" class=\"attachment-full size-full wp-image-10784\" alt=\"\" srcset=\"https:\/\/anfra.fi\/wp-content\/uploads\/2024\/06\/overtornea-maauimala-e1719308045436.webp 1343w, https:\/\/anfra.fi\/wp-content\/uploads\/2024\/06\/overtornea-maauimala-e1719308045436-500x325.webp 500w, https:\/\/anfra.fi\/wp-content\/uploads\/2024\/06\/overtornea-maauimala-e1719308045436-1024x666.webp 1024w, https:\/\/anfra.fi\/wp-content\/uploads\/2024\/06\/overtornea-maauimala-e1719308045436-768x499.webp 768w, https:\/\/anfra.fi\/wp-content\/uploads\/2024\/06\/overtornea-maauimala-e1719308045436-18x12.webp 18w\" sizes=\"(max-width: 1343px) 100vw, 1343px\" \/>\t\t\t\t\t\t\t\t\t\t\t\t\t\t\t<\/div>\n\t\t\t\t<\/div>\n\t\t\t\t<div class=\"elementor-element elementor-element-2c48a75 jltma-glass-effect-no elementor-widget elementor-widget-text-editor\" data-id=\"2c48a75\" data-element_type=\"widget\" data-e-type=\"widget\" data-widget_type=\"text-editor.default\">\n\t\t\t\t<div class=\"elementor-widget-container\">\n\t\t\t\t\t\t\t\t\t<p><em><span style=\"font-weight: 400;\">Kuva: \u00d6vertorne\u00e5n maauimalan uuden allasalueen ty\u00f6maa edistyy mukavasti.<\/span><\/em><\/p>\t\t\t\t\t\t\t\t<\/div>\n\t\t\t\t<\/div>\n\t\t\t\t<div class=\"elementor-element elementor-element-8165415 jltma-glass-effect-no elementor-widget elementor-widget-text-editor\" data-id=\"8165415\" data-element_type=\"widget\" data-e-type=\"widget\" data-widget_type=\"text-editor.default\">\n\t\t\t\t<div class=\"elementor-widget-container\">\n\t\t\t\t\t\t\t\t\t<p>Tornionjoen tulvavesi aiheutti merkitt\u00e4v\u00e4t vahingot kev\u00e4\u00e4ll\u00e4 2023 Ruotsin \u00d6vertorne\u00e5n<br \/>kunnan eritt\u00e4in suositulle Ekobadet -maauimalalle, jolloin koko allasalue tuhoutui.<br \/>Maauimala on ollut suljettuna siit\u00e4 l\u00e4htien ja kunnan tavoitteena on saada maauimala taas avattua yleis\u00f6lle kes\u00e4ksi 2025. Julkisen hankinnan kilpailutuksen voittaneena Anfra on tehnyt sopimuksen \u00d6vertorne\u00e5n kunnan kanssa maauimalan koko allasalueen t\u00e4ydellisest\u00e4 uusimisesta betoni- ja maarakennust\u00f6ineen.<\/p>\t\t\t\t\t\t\t\t<\/div>\n\t\t\t\t<\/div>\n\t\t\t\t<div class=\"elementor-element elementor-element-41bb944 jltma-glass-effect-no elementor-widget elementor-widget-text-editor\" data-id=\"41bb944\" data-element_type=\"widget\" data-e-type=\"widget\" data-widget_type=\"text-editor.default\">\n\t\t\t\t<div class=\"elementor-widget-container\">\n\t\t\t\t\t\t\t\t\t<ul><li>Vahva kokemuksemme ja merkitt\u00e4v\u00e4t referenssimme teollisuuden allasrakentamista vakuuttivat tilaajan osaamisestamme. Vanha vaurioitunut allas oli ehditty jo poistaa ja aloittaessamme ty\u00f6t toukokuussa 2024 paikalla oli vain suuri kuoppa. Nyt rakennamme sinne parhaillaan uutta noin 40x11m kokoista betonirakenteista allasaluetta, johon tulee viimeistelyn\u00e4 epoksipinnoite.<br \/>Luonnollisesti kaikki maarakennusty\u00f6t maisemointeineen kuuluvat<br \/>kokonaisurakkaamme. Meid\u00e4n osuutemme maauimalan korjaust\u00f6ist\u00e4 valmistuu elokuun 2024 loppuun menness\u00e4. Uskomme, ett\u00e4 maauimala on taas ensi kes\u00e4st\u00e4 alkaen aktiivisessa k\u00e4yt\u00f6ss\u00e4 sek\u00e4 paikallisten, ett\u00e4 matkailijoiden keskuudessa, mainitsee Kai Kaarlej\u00e4rvi.<\/li><\/ul>\t\t\t\t\t\t\t\t<\/div>\n\t\t\t\t<\/div>\n\t\t\t\t<div class=\"elementor-element elementor-element-da42026 jltma-glass-effect-no elementor-widget elementor-widget-spacer\" data-id=\"da42026\" data-element_type=\"widget\" data-e-type=\"widget\" data-widget_type=\"spacer.default\">\n\t\t\t\t<div class=\"elementor-widget-container\">\n\t\t\t\t\t\t\t<div class=\"elementor-spacer\">\n\t\t\t<div class=\"elementor-spacer-inner\"><\/div>\n\t\t<\/div>\n\t\t\t\t\t\t<\/div>\n\t\t\t\t<\/div>\n\t\t\t\t<div class=\"elementor-element elementor-element-5118d8a jltma-glass-effect-no elementor-widget elementor-widget-text-editor\" data-id=\"5118d8a\" data-element_type=\"widget\" data-e-type=\"widget\" data-widget_type=\"text-editor.default\">\n\t\t\t\t<div class=\"elementor-widget-container\">\n\t\t\t\t\t\t\t\t\t<p><strong>Lis\u00e4tietoja Anfran hankkeista:<\/strong><\/p><p>Heikki Pentinpuro<br \/>myyntijohtaja<br \/>Anfra Oy<br \/>heikki.pentinpuro@anfra.fi<\/p>\t\t\t\t\t\t\t\t<\/div>\n\t\t\t\t<\/div>\n\t\t\t\t<\/div>\n\t\t\t\t<\/div>\n\t\t","protected":false},"excerpt":{"rendered":"<p>Anfra Oy jatkaa vahvaa kasvua vuonna 2024 uusien siltarakennus-, teollisuus- ja vihre\u00e4n siirtym\u00e4n hankkeiden my\u00f6t\u00e4. Lue lis\u00e4\u00e4 Anfran monipuolisista projekteista ja niiden vaikutuksista infra- ja teollisuusrakentamisen alalla.<\/p>\n","protected":false},"author":10,"featured_media":10912,"comment_status":"closed","ping_status":"closed","sticky":false,"template":"","format":"standard","meta":{"_acf_changed":false,"inline_featured_image":false,"footnotes":""},"categories":[1],"tags":[47],"class_list":["post-10781","post","type-post","status-publish","format-standard","has-post-thumbnail","hentry","category-uncategorized","tag-47"],"acf":[],"yoast_head":"<!-- This site is optimized with the Yoast SEO plugin v27.5 - https:\/\/yoast.com\/product\/yoast-seo-wordpress\/ -->\n<title>Anfran kasvu jatkuu vahvana - Vuoden 2024 aikana tehdyt kaupat kuvaavat Anfran monipuolisuutta - Anfra<\/title>\n<meta name=\"description\" content=\"Anfra Oy jatkaa vahvaa kasvua vuonna 2024 uusien siltarakennus-, teollisuus- ja vihre\u00e4n siirtym\u00e4n hankkeiden my\u00f6t\u00e4. Lue lis\u00e4\u00e4 Anfran monipuolisista projekteista ja niiden vaikutuksista infra- ja teollisuusrakentamisen alalla.\" \/>\n<meta name=\"robots\" content=\"index, follow, max-snippet:-1, max-image-preview:large, max-video-preview:-1\" \/>\n<link rel=\"canonical\" href=\"https:\/\/anfra.fi\/fi\/anfran-kasvu-jatkuu-vahvana-kevaalla-2024-tehdyt-kaupat-kuvaavat-anfran-monipuolisuutta\/\" \/>\n<meta property=\"og:locale\" content=\"fi_FI\" \/>\n<meta property=\"og:type\" content=\"article\" \/>\n<meta property=\"og:title\" content=\"Anfran kasvu jatkuu vahvana - Vuoden 2024 aikana tehdyt kaupat kuvaavat Anfran monipuolisuutta - Anfra\" \/>\n<meta property=\"og:description\" content=\"Anfra Oy jatkaa vahvaa kasvua vuonna 2024 uusien siltarakennus-, teollisuus- ja vihre\u00e4n siirtym\u00e4n hankkeiden my\u00f6t\u00e4. Lue lis\u00e4\u00e4 Anfran monipuolisista projekteista ja niiden vaikutuksista infra- ja teollisuusrakentamisen alalla.\" \/>\n<meta property=\"og:url\" content=\"https:\/\/anfra.fi\/fi\/anfran-kasvu-jatkuu-vahvana-kevaalla-2024-tehdyt-kaupat-kuvaavat-anfran-monipuolisuutta\/\" \/>\n<meta property=\"og:site_name\" content=\"Anfra\" \/>\n<meta property=\"article:publisher\" content=\"https:\/\/www.facebook.com\/anfraoy\/\" \/>\n<meta property=\"article:published_time\" content=\"2024-08-26T09:32:02+00:00\" \/>\n<meta property=\"article:modified_time\" content=\"2025-02-18T13:18:29+00:00\" \/>\n<meta property=\"og:image\" content=\"https:\/\/anfra.fi\/wp-content\/uploads\/2024\/08\/Keliber-Tehdas-10.08.2024.webp\" \/>\n\t<meta property=\"og:image:width\" content=\"1246\" \/>\n\t<meta property=\"og:image:height\" content=\"700\" \/>\n\t<meta property=\"og:image:type\" content=\"image\/webp\" \/>\n<meta name=\"author\" content=\"Tommi\" \/>\n<meta name=\"twitter:card\" content=\"summary_large_image\" \/>\n<meta name=\"twitter:label1\" content=\"Kirjoittanut\" \/>\n\t<meta name=\"twitter:data1\" content=\"Tommi\" \/>\n\t<meta name=\"twitter:label2\" content=\"Arvioitu lukuaika\" \/>\n\t<meta name=\"twitter:data2\" content=\"4 minuuttia\" \/>\n<script type=\"application\/ld+json\" class=\"yoast-schema-graph\">{\"@context\":\"https:\\\/\\\/schema.org\",\"@graph\":[{\"@type\":\"Article\",\"@id\":\"https:\\\/\\\/anfra.fi\\\/anfran-kasvu-jatkuu-vahvana-kevaalla-2024-tehdyt-kaupat-kuvaavat-anfran-monipuolisuutta\\\/#article\",\"isPartOf\":{\"@id\":\"https:\\\/\\\/anfra.fi\\\/anfran-kasvu-jatkuu-vahvana-kevaalla-2024-tehdyt-kaupat-kuvaavat-anfran-monipuolisuutta\\\/\"},\"author\":{\"name\":\"Tommi\",\"@id\":\"https:\\\/\\\/anfra.fi\\\/#\\\/schema\\\/person\\\/3ec8a8a7c5505d0251958bba8ee617d0\"},\"headline\":\"Anfran kasvu jatkuu vahvana &#8211; Vuoden 2024 aikana tehdyt kaupat kuvaavat Anfran monipuolisuutta\",\"datePublished\":\"2024-08-26T09:32:02+00:00\",\"dateModified\":\"2025-02-18T13:18:29+00:00\",\"mainEntityOfPage\":{\"@id\":\"https:\\\/\\\/anfra.fi\\\/anfran-kasvu-jatkuu-vahvana-kevaalla-2024-tehdyt-kaupat-kuvaavat-anfran-monipuolisuutta\\\/\"},\"wordCount\":755,\"publisher\":{\"@id\":\"https:\\\/\\\/anfra.fi\\\/#organization\"},\"image\":{\"@id\":\"https:\\\/\\\/anfra.fi\\\/anfran-kasvu-jatkuu-vahvana-kevaalla-2024-tehdyt-kaupat-kuvaavat-anfran-monipuolisuutta\\\/#primaryimage\"},\"thumbnailUrl\":\"https:\\\/\\\/anfra.fi\\\/wp-content\\\/uploads\\\/2024\\\/08\\\/Keliber-Tehdas-10.08.2024.webp\",\"keywords\":[\"1\"],\"articleSection\":[\"Uncategorized\"],\"inLanguage\":\"fi\"},{\"@type\":\"WebPage\",\"@id\":\"https:\\\/\\\/anfra.fi\\\/anfran-kasvu-jatkuu-vahvana-kevaalla-2024-tehdyt-kaupat-kuvaavat-anfran-monipuolisuutta\\\/\",\"url\":\"https:\\\/\\\/anfra.fi\\\/anfran-kasvu-jatkuu-vahvana-kevaalla-2024-tehdyt-kaupat-kuvaavat-anfran-monipuolisuutta\\\/\",\"name\":\"Anfran kasvu jatkuu vahvana - Vuoden 2024 aikana tehdyt kaupat kuvaavat Anfran monipuolisuutta - Anfra\",\"isPartOf\":{\"@id\":\"https:\\\/\\\/anfra.fi\\\/#website\"},\"primaryImageOfPage\":{\"@id\":\"https:\\\/\\\/anfra.fi\\\/anfran-kasvu-jatkuu-vahvana-kevaalla-2024-tehdyt-kaupat-kuvaavat-anfran-monipuolisuutta\\\/#primaryimage\"},\"image\":{\"@id\":\"https:\\\/\\\/anfra.fi\\\/anfran-kasvu-jatkuu-vahvana-kevaalla-2024-tehdyt-kaupat-kuvaavat-anfran-monipuolisuutta\\\/#primaryimage\"},\"thumbnailUrl\":\"https:\\\/\\\/anfra.fi\\\/wp-content\\\/uploads\\\/2024\\\/08\\\/Keliber-Tehdas-10.08.2024.webp\",\"datePublished\":\"2024-08-26T09:32:02+00:00\",\"dateModified\":\"2025-02-18T13:18:29+00:00\",\"description\":\"Anfra Oy jatkaa vahvaa kasvua vuonna 2024 uusien siltarakennus-, teollisuus- ja vihre\u00e4n siirtym\u00e4n hankkeiden my\u00f6t\u00e4. Lue lis\u00e4\u00e4 Anfran monipuolisista projekteista ja niiden vaikutuksista infra- ja teollisuusrakentamisen alalla.\",\"breadcrumb\":{\"@id\":\"https:\\\/\\\/anfra.fi\\\/anfran-kasvu-jatkuu-vahvana-kevaalla-2024-tehdyt-kaupat-kuvaavat-anfran-monipuolisuutta\\\/#breadcrumb\"},\"inLanguage\":\"fi\",\"potentialAction\":[{\"@type\":\"ReadAction\",\"target\":[\"https:\\\/\\\/anfra.fi\\\/anfran-kasvu-jatkuu-vahvana-kevaalla-2024-tehdyt-kaupat-kuvaavat-anfran-monipuolisuutta\\\/\"]}]},{\"@type\":\"ImageObject\",\"inLanguage\":\"fi\",\"@id\":\"https:\\\/\\\/anfra.fi\\\/anfran-kasvu-jatkuu-vahvana-kevaalla-2024-tehdyt-kaupat-kuvaavat-anfran-monipuolisuutta\\\/#primaryimage\",\"url\":\"https:\\\/\\\/anfra.fi\\\/wp-content\\\/uploads\\\/2024\\\/08\\\/Keliber-Tehdas-10.08.2024.webp\",\"contentUrl\":\"https:\\\/\\\/anfra.fi\\\/wp-content\\\/uploads\\\/2024\\\/08\\\/Keliber-Tehdas-10.08.2024.webp\",\"width\":1246,\"height\":700},{\"@type\":\"BreadcrumbList\",\"@id\":\"https:\\\/\\\/anfra.fi\\\/anfran-kasvu-jatkuu-vahvana-kevaalla-2024-tehdyt-kaupat-kuvaavat-anfran-monipuolisuutta\\\/#breadcrumb\",\"itemListElement\":[{\"@type\":\"ListItem\",\"position\":1,\"name\":\"Home\",\"item\":\"https:\\\/\\\/anfra.fi\\\/fi\\\/\"},{\"@type\":\"ListItem\",\"position\":2,\"name\":\"Anfran kasvu jatkuu vahvana &#8211; Vuoden 2024 aikana tehdyt kaupat kuvaavat Anfran monipuolisuutta\"}]},{\"@type\":\"WebSite\",\"@id\":\"https:\\\/\\\/anfra.fi\\\/#website\",\"url\":\"https:\\\/\\\/anfra.fi\\\/\",\"name\":\"Anfra Oy\",\"description\":\"Kest&auml;v&auml;n tekij&auml;\",\"publisher\":{\"@id\":\"https:\\\/\\\/anfra.fi\\\/#organization\"},\"alternateName\":\"Anfra\",\"potentialAction\":[{\"@type\":\"SearchAction\",\"target\":{\"@type\":\"EntryPoint\",\"urlTemplate\":\"https:\\\/\\\/anfra.fi\\\/?s={search_term_string}\"},\"query-input\":{\"@type\":\"PropertyValueSpecification\",\"valueRequired\":true,\"valueName\":\"search_term_string\"}}],\"inLanguage\":\"fi\"},{\"@type\":\"Organization\",\"@id\":\"https:\\\/\\\/anfra.fi\\\/#organization\",\"name\":\"Anfra Oy\",\"alternateName\":\"Anfra\",\"url\":\"https:\\\/\\\/anfra.fi\\\/\",\"logo\":{\"@type\":\"ImageObject\",\"inLanguage\":\"fi\",\"@id\":\"https:\\\/\\\/anfra.fi\\\/#\\\/schema\\\/logo\\\/image\\\/\",\"url\":\"https:\\\/\\\/anfra.fi\\\/wp-content\\\/uploads\\\/2024\\\/06\\\/a.jpg\",\"contentUrl\":\"https:\\\/\\\/anfra.fi\\\/wp-content\\\/uploads\\\/2024\\\/06\\\/a.jpg\",\"width\":1920,\"height\":1080,\"caption\":\"Anfra Oy\"},\"image\":{\"@id\":\"https:\\\/\\\/anfra.fi\\\/#\\\/schema\\\/logo\\\/image\\\/\"},\"sameAs\":[\"https:\\\/\\\/www.facebook.com\\\/anfraoy\\\/\",\"https:\\\/\\\/www.instagram.com\\\/anfra_oy\\\/\",\"https:\\\/\\\/www.linkedin.com\\\/company\\\/anfra-oy\",\"https:\\\/\\\/www.tiktok.com\\\/@anfra_oy\"]},{\"@type\":\"Person\",\"@id\":\"https:\\\/\\\/anfra.fi\\\/#\\\/schema\\\/person\\\/3ec8a8a7c5505d0251958bba8ee617d0\",\"name\":\"Tommi\",\"image\":{\"@type\":\"ImageObject\",\"inLanguage\":\"fi\",\"@id\":\"https:\\\/\\\/secure.gravatar.com\\\/avatar\\\/9a1096a4c9b2d8c2447a7fe0235d89e4a93aa209be3164cc6725372314c1f2a3?s=96&d=mm&r=g\",\"url\":\"https:\\\/\\\/secure.gravatar.com\\\/avatar\\\/9a1096a4c9b2d8c2447a7fe0235d89e4a93aa209be3164cc6725372314c1f2a3?s=96&d=mm&r=g\",\"contentUrl\":\"https:\\\/\\\/secure.gravatar.com\\\/avatar\\\/9a1096a4c9b2d8c2447a7fe0235d89e4a93aa209be3164cc6725372314c1f2a3?s=96&d=mm&r=g\",\"caption\":\"Tommi\"}}]}<\/script>\n<!-- \/ Yoast SEO plugin. -->","yoast_head_json":{"title":"Anfran kasvu jatkuu vahvana - Vuoden 2024 aikana tehdyt kaupat kuvaavat Anfran monipuolisuutta - Anfra","description":"Anfra Oy jatkaa vahvaa kasvua vuonna 2024 uusien siltarakennus-, teollisuus- ja vihre\u00e4n siirtym\u00e4n hankkeiden my\u00f6t\u00e4. Lue lis\u00e4\u00e4 Anfran monipuolisista projekteista ja niiden vaikutuksista infra- ja teollisuusrakentamisen alalla.","robots":{"index":"index","follow":"follow","max-snippet":"max-snippet:-1","max-image-preview":"max-image-preview:large","max-video-preview":"max-video-preview:-1"},"canonical":"https:\/\/anfra.fi\/fi\/anfran-kasvu-jatkuu-vahvana-kevaalla-2024-tehdyt-kaupat-kuvaavat-anfran-monipuolisuutta\/","og_locale":"fi_FI","og_type":"article","og_title":"Anfran kasvu jatkuu vahvana - Vuoden 2024 aikana tehdyt kaupat kuvaavat Anfran monipuolisuutta - Anfra","og_description":"Anfra Oy jatkaa vahvaa kasvua vuonna 2024 uusien siltarakennus-, teollisuus- ja vihre\u00e4n siirtym\u00e4n hankkeiden my\u00f6t\u00e4. Lue lis\u00e4\u00e4 Anfran monipuolisista projekteista ja niiden vaikutuksista infra- ja teollisuusrakentamisen alalla.","og_url":"https:\/\/anfra.fi\/fi\/anfran-kasvu-jatkuu-vahvana-kevaalla-2024-tehdyt-kaupat-kuvaavat-anfran-monipuolisuutta\/","og_site_name":"Anfra","article_publisher":"https:\/\/www.facebook.com\/anfraoy\/","article_published_time":"2024-08-26T09:32:02+00:00","article_modified_time":"2025-02-18T13:18:29+00:00","og_image":[{"width":1246,"height":700,"url":"https:\/\/anfra.fi\/wp-content\/uploads\/2024\/08\/Keliber-Tehdas-10.08.2024.webp","type":"image\/webp"}],"author":"Tommi","twitter_card":"summary_large_image","twitter_misc":{"Kirjoittanut":"Tommi","Arvioitu lukuaika":"4 minuuttia"},"schema":{"@context":"https:\/\/schema.org","@graph":[{"@type":"Article","@id":"https:\/\/anfra.fi\/anfran-kasvu-jatkuu-vahvana-kevaalla-2024-tehdyt-kaupat-kuvaavat-anfran-monipuolisuutta\/#article","isPartOf":{"@id":"https:\/\/anfra.fi\/anfran-kasvu-jatkuu-vahvana-kevaalla-2024-tehdyt-kaupat-kuvaavat-anfran-monipuolisuutta\/"},"author":{"name":"Tommi","@id":"https:\/\/anfra.fi\/#\/schema\/person\/3ec8a8a7c5505d0251958bba8ee617d0"},"headline":"Anfran kasvu jatkuu vahvana &#8211; Vuoden 2024 aikana tehdyt kaupat kuvaavat Anfran monipuolisuutta","datePublished":"2024-08-26T09:32:02+00:00","dateModified":"2025-02-18T13:18:29+00:00","mainEntityOfPage":{"@id":"https:\/\/anfra.fi\/anfran-kasvu-jatkuu-vahvana-kevaalla-2024-tehdyt-kaupat-kuvaavat-anfran-monipuolisuutta\/"},"wordCount":755,"publisher":{"@id":"https:\/\/anfra.fi\/#organization"},"image":{"@id":"https:\/\/anfra.fi\/anfran-kasvu-jatkuu-vahvana-kevaalla-2024-tehdyt-kaupat-kuvaavat-anfran-monipuolisuutta\/#primaryimage"},"thumbnailUrl":"https:\/\/anfra.fi\/wp-content\/uploads\/2024\/08\/Keliber-Tehdas-10.08.2024.webp","keywords":["1"],"articleSection":["Uncategorized"],"inLanguage":"fi"},{"@type":"WebPage","@id":"https:\/\/anfra.fi\/anfran-kasvu-jatkuu-vahvana-kevaalla-2024-tehdyt-kaupat-kuvaavat-anfran-monipuolisuutta\/","url":"https:\/\/anfra.fi\/anfran-kasvu-jatkuu-vahvana-kevaalla-2024-tehdyt-kaupat-kuvaavat-anfran-monipuolisuutta\/","name":"Anfran kasvu jatkuu vahvana - Vuoden 2024 aikana tehdyt kaupat kuvaavat Anfran monipuolisuutta - Anfra","isPartOf":{"@id":"https:\/\/anfra.fi\/#website"},"primaryImageOfPage":{"@id":"https:\/\/anfra.fi\/anfran-kasvu-jatkuu-vahvana-kevaalla-2024-tehdyt-kaupat-kuvaavat-anfran-monipuolisuutta\/#primaryimage"},"image":{"@id":"https:\/\/anfra.fi\/anfran-kasvu-jatkuu-vahvana-kevaalla-2024-tehdyt-kaupat-kuvaavat-anfran-monipuolisuutta\/#primaryimage"},"thumbnailUrl":"https:\/\/anfra.fi\/wp-content\/uploads\/2024\/08\/Keliber-Tehdas-10.08.2024.webp","datePublished":"2024-08-26T09:32:02+00:00","dateModified":"2025-02-18T13:18:29+00:00","description":"Anfra Oy jatkaa vahvaa kasvua vuonna 2024 uusien siltarakennus-, teollisuus- ja vihre\u00e4n siirtym\u00e4n hankkeiden my\u00f6t\u00e4. Lue lis\u00e4\u00e4 Anfran monipuolisista projekteista ja niiden vaikutuksista infra- ja teollisuusrakentamisen alalla.","breadcrumb":{"@id":"https:\/\/anfra.fi\/anfran-kasvu-jatkuu-vahvana-kevaalla-2024-tehdyt-kaupat-kuvaavat-anfran-monipuolisuutta\/#breadcrumb"},"inLanguage":"fi","potentialAction":[{"@type":"ReadAction","target":["https:\/\/anfra.fi\/anfran-kasvu-jatkuu-vahvana-kevaalla-2024-tehdyt-kaupat-kuvaavat-anfran-monipuolisuutta\/"]}]},{"@type":"ImageObject","inLanguage":"fi","@id":"https:\/\/anfra.fi\/anfran-kasvu-jatkuu-vahvana-kevaalla-2024-tehdyt-kaupat-kuvaavat-anfran-monipuolisuutta\/#primaryimage","url":"https:\/\/anfra.fi\/wp-content\/uploads\/2024\/08\/Keliber-Tehdas-10.08.2024.webp","contentUrl":"https:\/\/anfra.fi\/wp-content\/uploads\/2024\/08\/Keliber-Tehdas-10.08.2024.webp","width":1246,"height":700},{"@type":"BreadcrumbList","@id":"https:\/\/anfra.fi\/anfran-kasvu-jatkuu-vahvana-kevaalla-2024-tehdyt-kaupat-kuvaavat-anfran-monipuolisuutta\/#breadcrumb","itemListElement":[{"@type":"ListItem","position":1,"name":"Home","item":"https:\/\/anfra.fi\/fi\/"},{"@type":"ListItem","position":2,"name":"Anfran kasvu jatkuu vahvana &#8211; Vuoden 2024 aikana tehdyt kaupat kuvaavat Anfran monipuolisuutta"}]},{"@type":"WebSite","@id":"https:\/\/anfra.fi\/#website","url":"https:\/\/anfra.fi\/","name":"Anfra Oy","description":"Kest&auml;v&auml;n tekij&auml;","publisher":{"@id":"https:\/\/anfra.fi\/#organization"},"alternateName":"Anfra","potentialAction":[{"@type":"SearchAction","target":{"@type":"EntryPoint","urlTemplate":"https:\/\/anfra.fi\/?s={search_term_string}"},"query-input":{"@type":"PropertyValueSpecification","valueRequired":true,"valueName":"search_term_string"}}],"inLanguage":"fi"},{"@type":"Organization","@id":"https:\/\/anfra.fi\/#organization","name":"Anfra Oy","alternateName":"Anfra","url":"https:\/\/anfra.fi\/","logo":{"@type":"ImageObject","inLanguage":"fi","@id":"https:\/\/anfra.fi\/#\/schema\/logo\/image\/","url":"https:\/\/anfra.fi\/wp-content\/uploads\/2024\/06\/a.jpg","contentUrl":"https:\/\/anfra.fi\/wp-content\/uploads\/2024\/06\/a.jpg","width":1920,"height":1080,"caption":"Anfra Oy"},"image":{"@id":"https:\/\/anfra.fi\/#\/schema\/logo\/image\/"},"sameAs":["https:\/\/www.facebook.com\/anfraoy\/","https:\/\/www.instagram.com\/anfra_oy\/","https:\/\/www.linkedin.com\/company\/anfra-oy","https:\/\/www.tiktok.com\/@anfra_oy"]},{"@type":"Person","@id":"https:\/\/anfra.fi\/#\/schema\/person\/3ec8a8a7c5505d0251958bba8ee617d0","name":"Tommi","image":{"@type":"ImageObject","inLanguage":"fi","@id":"https:\/\/secure.gravatar.com\/avatar\/9a1096a4c9b2d8c2447a7fe0235d89e4a93aa209be3164cc6725372314c1f2a3?s=96&d=mm&r=g","url":"https:\/\/secure.gravatar.com\/avatar\/9a1096a4c9b2d8c2447a7fe0235d89e4a93aa209be3164cc6725372314c1f2a3?s=96&d=mm&r=g","contentUrl":"https:\/\/secure.gravatar.com\/avatar\/9a1096a4c9b2d8c2447a7fe0235d89e4a93aa209be3164cc6725372314c1f2a3?s=96&d=mm&r=g","caption":"Tommi"}}]}},"_links":{"self":[{"href":"https:\/\/anfra.fi\/fi\/wp-json\/wp\/v2\/posts\/10781","targetHints":{"allow":["GET"]}}],"collection":[{"href":"https:\/\/anfra.fi\/fi\/wp-json\/wp\/v2\/posts"}],"about":[{"href":"https:\/\/anfra.fi\/fi\/wp-json\/wp\/v2\/types\/post"}],"author":[{"embeddable":true,"href":"https:\/\/anfra.fi\/fi\/wp-json\/wp\/v2\/users\/10"}],"replies":[{"embeddable":true,"href":"https:\/\/anfra.fi\/fi\/wp-json\/wp\/v2\/comments?post=10781"}],"version-history":[{"count":42,"href":"https:\/\/anfra.fi\/fi\/wp-json\/wp\/v2\/posts\/10781\/revisions"}],"predecessor-version":[{"id":11943,"href":"https:\/\/anfra.fi\/fi\/wp-json\/wp\/v2\/posts\/10781\/revisions\/11943"}],"wp:featuredmedia":[{"embeddable":true,"href":"https:\/\/anfra.fi\/fi\/wp-json\/wp\/v2\/media\/10912"}],"wp:attachment":[{"href":"https:\/\/anfra.fi\/fi\/wp-json\/wp\/v2\/media?parent=10781"}],"wp:term":[{"taxonomy":"category","embeddable":true,"href":"https:\/\/anfra.fi\/fi\/wp-json\/wp\/v2\/categories?post=10781"},{"taxonomy":"post_tag","embeddable":true,"href":"https:\/\/anfra.fi\/fi\/wp-json\/wp\/v2\/tags?post=10781"}],"curies":[{"name":"wp","href":"https:\/\/api.w.org\/{rel}","templated":true}]}}