{"id":12975,"date":"2025-08-27T10:15:11","date_gmt":"2025-08-27T07:15:11","guid":{"rendered":"https:\/\/anfra.fi\/?p=12975"},"modified":"2025-08-27T10:15:54","modified_gmt":"2025-08-27T07:15:54","slug":"perustusurakka-valmiina-kotkan-akkumateriaalitehtaalla","status":"publish","type":"post","link":"https:\/\/anfra.fi\/fi\/perustusurakka-valmiina-kotkan-akkumateriaalitehtaalla\/","title":{"rendered":"Perustusurakka valmiina Kotkaan nousevalla 27 000 neli\u00f6metrin akkumateriaalitehtaalla"},"content":{"rendered":"\t\t<div data-elementor-type=\"wp-post\" data-elementor-id=\"12975\" class=\"elementor elementor-12975\" data-elementor-post-type=\"post\">\n\t\t\t\t<div class=\"elementor-element elementor-element-b1c96bd e-flex e-con-boxed jltma-glass-effect-no e-con e-parent\" data-id=\"b1c96bd\" data-element_type=\"container\" data-e-type=\"container\">\n\t\t\t\t\t<div class=\"e-con-inner\">\n\t\t\t\t<div class=\"elementor-element elementor-element-6aa20a80 jltma-glass-effect-no elementor-widget elementor-widget-text-editor\" data-id=\"6aa20a80\" data-element_type=\"widget\" data-e-type=\"widget\" data-widget_type=\"text-editor.default\">\n\t\t\t\t<div class=\"elementor-widget-container\">\n\t\t\t\t\t\t\t\t\t<p><strong>Anfra Oy on saanut p\u00e4\u00e4t\u00f6kseen Kotkaan nousevan akkumateriaalitehtaan laajan perustusurakan. Hanke on mittaluokaltaan poikkeuksellinen Suomessa ja vahvistaa maan asemaa akkuteollisuuden arvoketjussa, tuoden alueelle ty\u00f6t\u00e4, investointeja ja vientituloja.<\/strong><\/p>\n<p>Kotkaan rakennettava akkumateriaalitehdas on yksi t\u00e4m\u00e4n hetken merkitt\u00e4vimmist\u00e4 teollisista investoinneista Suomessa. Teollisuus- ja infrarakentaja Anfra Oy on saattanut valmiiksi perustusty\u00f6t, jotka kattavat noin 2,7 hehtaarin kokoisen tehdasalueen. P\u00e4\u00e4urakoitsijana hankkeella toimii <a href=\"https:\/\/www.chec.bj.cn\/pub\/chec_pc\/en\/\" target=\"_blank\" rel=\"noopener\">China Harbour Engineering Company Limited<\/a>, Suomen sivuliike.<\/p>\n<p>Anfran urakka sis\u00e4lsi tehdasalueen maant\u00e4yt\u00f6t, salaojituksen ja perustukset. Perustuksiin k\u00e4ytettiin yhteens\u00e4 noin 10 000 kuutiota betonia ja l\u00e4hes 800 tonnia ter\u00e4st\u00e4.<\/p>\n<p>\u201cTehdashanke etenee vauhdilla ja perustusty\u00f6t valmistuivat aikataulussa. Yhteisty\u00f6 muiden urakoitsijoiden kanssa on ollut eritt\u00e4in sujuvaa\u201d, kertoo Anfran projektimyyj\u00e4 <a href=\"https:\/\/anfra.fi\/riku-pitkala\/\" target=\"_blank\" rel=\"noopener\">Riku Pitk\u00e4l\u00e4<\/a>.<\/p>\n<p>Kyseess\u00e4 on strategisesti t\u00e4rke\u00e4 investointi, joka valmistuessaan ty\u00f6llist\u00e4\u00e4 l\u00e4hes 300 henkil\u00f6\u00e4 ja kasvattaa Suomen vienti\u00e4 merkitt\u00e4v\u00e4sti. Akkumateriaalitehdas vahvistaa Suomen roolia vihre\u00e4ss\u00e4 siirtym\u00e4ss\u00e4 ja osana akkutuotannon arvoketjua.<\/p>\n<p>Vaikutukset n\u00e4kyv\u00e4t Kymenlaaksossa jo nyt: rakennusvaihe ty\u00f6llist\u00e4\u00e4 satoja alan ammattilaisia, ja tehtaan valmistuttua alueen vetovoima, ty\u00f6paikat ja jatkoinvestoinnit lis\u00e4\u00e4ntyv\u00e4t.<\/p>\n<p><img fetchpriority=\"high\" decoding=\"async\" class=\"alignnone size-medium wp-image-12974\" src=\"https:\/\/anfra.fi\/wp-content\/uploads\/2025\/08\/unnamed-500x333.webp\" alt=\"\" width=\"500\" height=\"333\" srcset=\"https:\/\/anfra.fi\/wp-content\/uploads\/2025\/08\/unnamed-500x333.webp 500w, https:\/\/anfra.fi\/wp-content\/uploads\/2025\/08\/unnamed-1024x683.webp 1024w, https:\/\/anfra.fi\/wp-content\/uploads\/2025\/08\/unnamed-768x512.webp 768w, https:\/\/anfra.fi\/wp-content\/uploads\/2025\/08\/unnamed-18x12.webp 18w, https:\/\/anfra.fi\/wp-content\/uploads\/2025\/08\/unnamed.webp 1366w\" sizes=\"(max-width: 500px) 100vw, 500px\" \/><\/p>\n<p><!-- \/wp:paragraph --><\/p>\t\t\t\t\t\t\t\t<\/div>\n\t\t\t\t<\/div>\n\t\t\t\t\t<\/div>\n\t\t\t\t<\/div>\n\t\t\t\t<\/div>\n\t\t","protected":false},"excerpt":{"rendered":"<p>Anfra Oy on saanut p\u00e4\u00e4t\u00f6kseen Kotkaan nousevan akkumateriaalitehtaan laajan perustusurakan. Hanke on mittaluokaltaan poikkeuksellinen Suomessa ja vahvistaa maan asemaa akkuteollisuuden arvoketjussa.<\/p>\n","protected":false},"author":10,"featured_media":12973,"comment_status":"closed","ping_status":"closed","sticky":false,"template":"","format":"standard","meta":{"_acf_changed":false,"inline_featured_image":false,"footnotes":""},"categories":[1],"tags":[],"class_list":["post-12975","post","type-post","status-publish","format-standard","has-post-thumbnail","hentry","category-uncategorized"],"acf":[],"yoast_head":"<!-- This site is optimized with the Yoast SEO plugin v27.5 - https:\/\/yoast.com\/product\/yoast-seo-wordpress\/ -->\n<title>Perustusurakka valmiina Kotkan akkumateriaalitehtaalla<\/title>\n<meta name=\"description\" content=\"Anfra Oy on saanut p\u00e4\u00e4t\u00f6kseen Kotkaan nousevan akkumateriaalitehtaan laajan perustusurakan.\" \/>\n<meta name=\"robots\" content=\"index, follow, max-snippet:-1, max-image-preview:large, max-video-preview:-1\" \/>\n<link rel=\"canonical\" href=\"https:\/\/anfra.fi\/fi\/perustusurakka-valmiina-kotkan-akkumateriaalitehtaalla\/\" \/>\n<meta property=\"og:locale\" content=\"fi_FI\" \/>\n<meta property=\"og:type\" content=\"article\" \/>\n<meta property=\"og:title\" content=\"Perustusurakka valmiina Kotkan akkumateriaalitehtaalla\" \/>\n<meta property=\"og:description\" content=\"Anfra Oy on saanut p\u00e4\u00e4t\u00f6kseen Kotkaan nousevan akkumateriaalitehtaan laajan perustusurakan.\" \/>\n<meta property=\"og:url\" content=\"https:\/\/anfra.fi\/fi\/perustusurakka-valmiina-kotkan-akkumateriaalitehtaalla\/\" \/>\n<meta property=\"og:site_name\" content=\"Anfra\" \/>\n<meta property=\"article:publisher\" content=\"https:\/\/www.facebook.com\/anfraoy\/\" \/>\n<meta property=\"article:published_time\" content=\"2025-08-27T07:15:11+00:00\" \/>\n<meta property=\"article:modified_time\" content=\"2025-08-27T07:15:54+00:00\" \/>\n<meta property=\"og:image\" content=\"https:\/\/anfra.fi\/wp-content\/uploads\/2025\/08\/Image_20250821_095841_685_2.webp\" \/>\n\t<meta property=\"og:image:width\" content=\"1809\" \/>\n\t<meta property=\"og:image:height\" content=\"1341\" \/>\n\t<meta property=\"og:image:type\" content=\"image\/webp\" \/>\n<meta name=\"author\" content=\"Tommi\" \/>\n<meta name=\"twitter:card\" content=\"summary_large_image\" \/>\n<meta name=\"twitter:label1\" content=\"Kirjoittanut\" \/>\n\t<meta name=\"twitter:data1\" content=\"Tommi\" \/>\n\t<meta name=\"twitter:label2\" content=\"Arvioitu lukuaika\" \/>\n\t<meta name=\"twitter:data2\" content=\"1 minuutti\" \/>\n<script type=\"application\/ld+json\" class=\"yoast-schema-graph\">{\"@context\":\"https:\\\/\\\/schema.org\",\"@graph\":[{\"@type\":\"Article\",\"@id\":\"https:\\\/\\\/anfra.fi\\\/fi\\\/perustusurakka-valmiina-kotkan-akkumateriaalitehtaalla\\\/#article\",\"isPartOf\":{\"@id\":\"https:\\\/\\\/anfra.fi\\\/fi\\\/perustusurakka-valmiina-kotkan-akkumateriaalitehtaalla\\\/\"},\"author\":{\"name\":\"Tommi\",\"@id\":\"https:\\\/\\\/anfra.fi\\\/#\\\/schema\\\/person\\\/3ec8a8a7c5505d0251958bba8ee617d0\"},\"headline\":\"Perustusurakka valmiina Kotkaan nousevalla 27 000 neli\u00f6metrin akkumateriaalitehtaalla\",\"datePublished\":\"2025-08-27T07:15:11+00:00\",\"dateModified\":\"2025-08-27T07:15:54+00:00\",\"mainEntityOfPage\":{\"@id\":\"https:\\\/\\\/anfra.fi\\\/fi\\\/perustusurakka-valmiina-kotkan-akkumateriaalitehtaalla\\\/\"},\"wordCount\":182,\"publisher\":{\"@id\":\"https:\\\/\\\/anfra.fi\\\/#organization\"},\"image\":{\"@id\":\"https:\\\/\\\/anfra.fi\\\/fi\\\/perustusurakka-valmiina-kotkan-akkumateriaalitehtaalla\\\/#primaryimage\"},\"thumbnailUrl\":\"https:\\\/\\\/anfra.fi\\\/wp-content\\\/uploads\\\/2025\\\/08\\\/Image_20250821_095841_685_2.webp\",\"articleSection\":[\"Uncategorized\"],\"inLanguage\":\"fi\"},{\"@type\":\"WebPage\",\"@id\":\"https:\\\/\\\/anfra.fi\\\/fi\\\/perustusurakka-valmiina-kotkan-akkumateriaalitehtaalla\\\/\",\"url\":\"https:\\\/\\\/anfra.fi\\\/fi\\\/perustusurakka-valmiina-kotkan-akkumateriaalitehtaalla\\\/\",\"name\":\"Perustusurakka valmiina Kotkan akkumateriaalitehtaalla\",\"isPartOf\":{\"@id\":\"https:\\\/\\\/anfra.fi\\\/#website\"},\"primaryImageOfPage\":{\"@id\":\"https:\\\/\\\/anfra.fi\\\/fi\\\/perustusurakka-valmiina-kotkan-akkumateriaalitehtaalla\\\/#primaryimage\"},\"image\":{\"@id\":\"https:\\\/\\\/anfra.fi\\\/fi\\\/perustusurakka-valmiina-kotkan-akkumateriaalitehtaalla\\\/#primaryimage\"},\"thumbnailUrl\":\"https:\\\/\\\/anfra.fi\\\/wp-content\\\/uploads\\\/2025\\\/08\\\/Image_20250821_095841_685_2.webp\",\"datePublished\":\"2025-08-27T07:15:11+00:00\",\"dateModified\":\"2025-08-27T07:15:54+00:00\",\"description\":\"Anfra Oy on saanut p\u00e4\u00e4t\u00f6kseen Kotkaan nousevan akkumateriaalitehtaan laajan perustusurakan.\",\"breadcrumb\":{\"@id\":\"https:\\\/\\\/anfra.fi\\\/fi\\\/perustusurakka-valmiina-kotkan-akkumateriaalitehtaalla\\\/#breadcrumb\"},\"inLanguage\":\"fi\",\"potentialAction\":[{\"@type\":\"ReadAction\",\"target\":[\"https:\\\/\\\/anfra.fi\\\/fi\\\/perustusurakka-valmiina-kotkan-akkumateriaalitehtaalla\\\/\"]}]},{\"@type\":\"ImageObject\",\"inLanguage\":\"fi\",\"@id\":\"https:\\\/\\\/anfra.fi\\\/fi\\\/perustusurakka-valmiina-kotkan-akkumateriaalitehtaalla\\\/#primaryimage\",\"url\":\"https:\\\/\\\/anfra.fi\\\/wp-content\\\/uploads\\\/2025\\\/08\\\/Image_20250821_095841_685_2.webp\",\"contentUrl\":\"https:\\\/\\\/anfra.fi\\\/wp-content\\\/uploads\\\/2025\\\/08\\\/Image_20250821_095841_685_2.webp\",\"width\":1809,\"height\":1341},{\"@type\":\"BreadcrumbList\",\"@id\":\"https:\\\/\\\/anfra.fi\\\/fi\\\/perustusurakka-valmiina-kotkan-akkumateriaalitehtaalla\\\/#breadcrumb\",\"itemListElement\":[{\"@type\":\"ListItem\",\"position\":1,\"name\":\"Home\",\"item\":\"https:\\\/\\\/anfra.fi\\\/fi\\\/\"},{\"@type\":\"ListItem\",\"position\":2,\"name\":\"Perustusurakka valmiina Kotkaan nousevalla 27 000 neli\u00f6metrin akkumateriaalitehtaalla\"}]},{\"@type\":\"WebSite\",\"@id\":\"https:\\\/\\\/anfra.fi\\\/#website\",\"url\":\"https:\\\/\\\/anfra.fi\\\/\",\"name\":\"Anfra Oy\",\"description\":\"Kest&auml;v&auml;n tekij&auml;\",\"publisher\":{\"@id\":\"https:\\\/\\\/anfra.fi\\\/#organization\"},\"alternateName\":\"Anfra\",\"potentialAction\":[{\"@type\":\"SearchAction\",\"target\":{\"@type\":\"EntryPoint\",\"urlTemplate\":\"https:\\\/\\\/anfra.fi\\\/?s={search_term_string}\"},\"query-input\":{\"@type\":\"PropertyValueSpecification\",\"valueRequired\":true,\"valueName\":\"search_term_string\"}}],\"inLanguage\":\"fi\"},{\"@type\":\"Organization\",\"@id\":\"https:\\\/\\\/anfra.fi\\\/#organization\",\"name\":\"Anfra Oy\",\"alternateName\":\"Anfra\",\"url\":\"https:\\\/\\\/anfra.fi\\\/\",\"logo\":{\"@type\":\"ImageObject\",\"inLanguage\":\"fi\",\"@id\":\"https:\\\/\\\/anfra.fi\\\/#\\\/schema\\\/logo\\\/image\\\/\",\"url\":\"https:\\\/\\\/anfra.fi\\\/wp-content\\\/uploads\\\/2024\\\/06\\\/a.jpg\",\"contentUrl\":\"https:\\\/\\\/anfra.fi\\\/wp-content\\\/uploads\\\/2024\\\/06\\\/a.jpg\",\"width\":1920,\"height\":1080,\"caption\":\"Anfra Oy\"},\"image\":{\"@id\":\"https:\\\/\\\/anfra.fi\\\/#\\\/schema\\\/logo\\\/image\\\/\"},\"sameAs\":[\"https:\\\/\\\/www.facebook.com\\\/anfraoy\\\/\",\"https:\\\/\\\/www.instagram.com\\\/anfra_oy\\\/\",\"https:\\\/\\\/www.linkedin.com\\\/company\\\/anfra-oy\",\"https:\\\/\\\/www.tiktok.com\\\/@anfra_oy\"]},{\"@type\":\"Person\",\"@id\":\"https:\\\/\\\/anfra.fi\\\/#\\\/schema\\\/person\\\/3ec8a8a7c5505d0251958bba8ee617d0\",\"name\":\"Tommi\",\"image\":{\"@type\":\"ImageObject\",\"inLanguage\":\"fi\",\"@id\":\"https:\\\/\\\/secure.gravatar.com\\\/avatar\\\/9a1096a4c9b2d8c2447a7fe0235d89e4a93aa209be3164cc6725372314c1f2a3?s=96&d=mm&r=g\",\"url\":\"https:\\\/\\\/secure.gravatar.com\\\/avatar\\\/9a1096a4c9b2d8c2447a7fe0235d89e4a93aa209be3164cc6725372314c1f2a3?s=96&d=mm&r=g\",\"contentUrl\":\"https:\\\/\\\/secure.gravatar.com\\\/avatar\\\/9a1096a4c9b2d8c2447a7fe0235d89e4a93aa209be3164cc6725372314c1f2a3?s=96&d=mm&r=g\",\"caption\":\"Tommi\"}}]}<\/script>\n<!-- \/ Yoast SEO plugin. -->","yoast_head_json":{"title":"Perustusurakka valmiina Kotkan akkumateriaalitehtaalla","description":"Anfra Oy on saanut p\u00e4\u00e4t\u00f6kseen Kotkaan nousevan akkumateriaalitehtaan laajan perustusurakan.","robots":{"index":"index","follow":"follow","max-snippet":"max-snippet:-1","max-image-preview":"max-image-preview:large","max-video-preview":"max-video-preview:-1"},"canonical":"https:\/\/anfra.fi\/fi\/perustusurakka-valmiina-kotkan-akkumateriaalitehtaalla\/","og_locale":"fi_FI","og_type":"article","og_title":"Perustusurakka valmiina Kotkan akkumateriaalitehtaalla","og_description":"Anfra Oy on saanut p\u00e4\u00e4t\u00f6kseen Kotkaan nousevan akkumateriaalitehtaan laajan perustusurakan.","og_url":"https:\/\/anfra.fi\/fi\/perustusurakka-valmiina-kotkan-akkumateriaalitehtaalla\/","og_site_name":"Anfra","article_publisher":"https:\/\/www.facebook.com\/anfraoy\/","article_published_time":"2025-08-27T07:15:11+00:00","article_modified_time":"2025-08-27T07:15:54+00:00","og_image":[{"width":1809,"height":1341,"url":"https:\/\/anfra.fi\/wp-content\/uploads\/2025\/08\/Image_20250821_095841_685_2.webp","type":"image\/webp"}],"author":"Tommi","twitter_card":"summary_large_image","twitter_misc":{"Kirjoittanut":"Tommi","Arvioitu lukuaika":"1 minuutti"},"schema":{"@context":"https:\/\/schema.org","@graph":[{"@type":"Article","@id":"https:\/\/anfra.fi\/fi\/perustusurakka-valmiina-kotkan-akkumateriaalitehtaalla\/#article","isPartOf":{"@id":"https:\/\/anfra.fi\/fi\/perustusurakka-valmiina-kotkan-akkumateriaalitehtaalla\/"},"author":{"name":"Tommi","@id":"https:\/\/anfra.fi\/#\/schema\/person\/3ec8a8a7c5505d0251958bba8ee617d0"},"headline":"Perustusurakka valmiina Kotkaan nousevalla 27 000 neli\u00f6metrin akkumateriaalitehtaalla","datePublished":"2025-08-27T07:15:11+00:00","dateModified":"2025-08-27T07:15:54+00:00","mainEntityOfPage":{"@id":"https:\/\/anfra.fi\/fi\/perustusurakka-valmiina-kotkan-akkumateriaalitehtaalla\/"},"wordCount":182,"publisher":{"@id":"https:\/\/anfra.fi\/#organization"},"image":{"@id":"https:\/\/anfra.fi\/fi\/perustusurakka-valmiina-kotkan-akkumateriaalitehtaalla\/#primaryimage"},"thumbnailUrl":"https:\/\/anfra.fi\/wp-content\/uploads\/2025\/08\/Image_20250821_095841_685_2.webp","articleSection":["Uncategorized"],"inLanguage":"fi"},{"@type":"WebPage","@id":"https:\/\/anfra.fi\/fi\/perustusurakka-valmiina-kotkan-akkumateriaalitehtaalla\/","url":"https:\/\/anfra.fi\/fi\/perustusurakka-valmiina-kotkan-akkumateriaalitehtaalla\/","name":"Perustusurakka valmiina Kotkan akkumateriaalitehtaalla","isPartOf":{"@id":"https:\/\/anfra.fi\/#website"},"primaryImageOfPage":{"@id":"https:\/\/anfra.fi\/fi\/perustusurakka-valmiina-kotkan-akkumateriaalitehtaalla\/#primaryimage"},"image":{"@id":"https:\/\/anfra.fi\/fi\/perustusurakka-valmiina-kotkan-akkumateriaalitehtaalla\/#primaryimage"},"thumbnailUrl":"https:\/\/anfra.fi\/wp-content\/uploads\/2025\/08\/Image_20250821_095841_685_2.webp","datePublished":"2025-08-27T07:15:11+00:00","dateModified":"2025-08-27T07:15:54+00:00","description":"Anfra Oy on saanut p\u00e4\u00e4t\u00f6kseen Kotkaan nousevan akkumateriaalitehtaan laajan perustusurakan.","breadcrumb":{"@id":"https:\/\/anfra.fi\/fi\/perustusurakka-valmiina-kotkan-akkumateriaalitehtaalla\/#breadcrumb"},"inLanguage":"fi","potentialAction":[{"@type":"ReadAction","target":["https:\/\/anfra.fi\/fi\/perustusurakka-valmiina-kotkan-akkumateriaalitehtaalla\/"]}]},{"@type":"ImageObject","inLanguage":"fi","@id":"https:\/\/anfra.fi\/fi\/perustusurakka-valmiina-kotkan-akkumateriaalitehtaalla\/#primaryimage","url":"https:\/\/anfra.fi\/wp-content\/uploads\/2025\/08\/Image_20250821_095841_685_2.webp","contentUrl":"https:\/\/anfra.fi\/wp-content\/uploads\/2025\/08\/Image_20250821_095841_685_2.webp","width":1809,"height":1341},{"@type":"BreadcrumbList","@id":"https:\/\/anfra.fi\/fi\/perustusurakka-valmiina-kotkan-akkumateriaalitehtaalla\/#breadcrumb","itemListElement":[{"@type":"ListItem","position":1,"name":"Home","item":"https:\/\/anfra.fi\/fi\/"},{"@type":"ListItem","position":2,"name":"Perustusurakka valmiina Kotkaan nousevalla 27 000 neli\u00f6metrin akkumateriaalitehtaalla"}]},{"@type":"WebSite","@id":"https:\/\/anfra.fi\/#website","url":"https:\/\/anfra.fi\/","name":"Anfra Oy","description":"Kest&auml;v&auml;n tekij&auml;","publisher":{"@id":"https:\/\/anfra.fi\/#organization"},"alternateName":"Anfra","potentialAction":[{"@type":"SearchAction","target":{"@type":"EntryPoint","urlTemplate":"https:\/\/anfra.fi\/?s={search_term_string}"},"query-input":{"@type":"PropertyValueSpecification","valueRequired":true,"valueName":"search_term_string"}}],"inLanguage":"fi"},{"@type":"Organization","@id":"https:\/\/anfra.fi\/#organization","name":"Anfra Oy","alternateName":"Anfra","url":"https:\/\/anfra.fi\/","logo":{"@type":"ImageObject","inLanguage":"fi","@id":"https:\/\/anfra.fi\/#\/schema\/logo\/image\/","url":"https:\/\/anfra.fi\/wp-content\/uploads\/2024\/06\/a.jpg","contentUrl":"https:\/\/anfra.fi\/wp-content\/uploads\/2024\/06\/a.jpg","width":1920,"height":1080,"caption":"Anfra Oy"},"image":{"@id":"https:\/\/anfra.fi\/#\/schema\/logo\/image\/"},"sameAs":["https:\/\/www.facebook.com\/anfraoy\/","https:\/\/www.instagram.com\/anfra_oy\/","https:\/\/www.linkedin.com\/company\/anfra-oy","https:\/\/www.tiktok.com\/@anfra_oy"]},{"@type":"Person","@id":"https:\/\/anfra.fi\/#\/schema\/person\/3ec8a8a7c5505d0251958bba8ee617d0","name":"Tommi","image":{"@type":"ImageObject","inLanguage":"fi","@id":"https:\/\/secure.gravatar.com\/avatar\/9a1096a4c9b2d8c2447a7fe0235d89e4a93aa209be3164cc6725372314c1f2a3?s=96&d=mm&r=g","url":"https:\/\/secure.gravatar.com\/avatar\/9a1096a4c9b2d8c2447a7fe0235d89e4a93aa209be3164cc6725372314c1f2a3?s=96&d=mm&r=g","contentUrl":"https:\/\/secure.gravatar.com\/avatar\/9a1096a4c9b2d8c2447a7fe0235d89e4a93aa209be3164cc6725372314c1f2a3?s=96&d=mm&r=g","caption":"Tommi"}}]}},"_links":{"self":[{"href":"https:\/\/anfra.fi\/fi\/wp-json\/wp\/v2\/posts\/12975","targetHints":{"allow":["GET"]}}],"collection":[{"href":"https:\/\/anfra.fi\/fi\/wp-json\/wp\/v2\/posts"}],"about":[{"href":"https:\/\/anfra.fi\/fi\/wp-json\/wp\/v2\/types\/post"}],"author":[{"embeddable":true,"href":"https:\/\/anfra.fi\/fi\/wp-json\/wp\/v2\/users\/10"}],"replies":[{"embeddable":true,"href":"https:\/\/anfra.fi\/fi\/wp-json\/wp\/v2\/comments?post=12975"}],"version-history":[{"count":9,"href":"https:\/\/anfra.fi\/fi\/wp-json\/wp\/v2\/posts\/12975\/revisions"}],"predecessor-version":[{"id":12984,"href":"https:\/\/anfra.fi\/fi\/wp-json\/wp\/v2\/posts\/12975\/revisions\/12984"}],"wp:featuredmedia":[{"embeddable":true,"href":"https:\/\/anfra.fi\/fi\/wp-json\/wp\/v2\/media\/12973"}],"wp:attachment":[{"href":"https:\/\/anfra.fi\/fi\/wp-json\/wp\/v2\/media?parent=12975"}],"wp:term":[{"taxonomy":"category","embeddable":true,"href":"https:\/\/anfra.fi\/fi\/wp-json\/wp\/v2\/categories?post=12975"},{"taxonomy":"post_tag","embeddable":true,"href":"https:\/\/anfra.fi\/fi\/wp-json\/wp\/v2\/tags?post=12975"}],"curies":[{"name":"wp","href":"https:\/\/api.w.org\/{rel}","templated":true}]}}